{"id":1893,"date":"2025-11-19T10:09:51","date_gmt":"2025-11-19T15:09:51","guid":{"rendered":"https:\/\/sunvalleyinv.com\/?p=1893"},"modified":"2026-03-30T15:27:05","modified_gmt":"2026-03-30T20:27:05","slug":"mineros-announces-daniel-henao-president-board-changes","status":"publish","type":"post","link":"https:\/\/sunvalleyinv.com\/es\/mineros-announces-daniel-henao-president-board-changes\/","title":{"rendered":"Mineros anuncia a Daniel Henao como nuevo presidente y otros cambios importantes en la Junta Directiva"},"content":{"rendered":"<p><em>Estos son los cambios m\u00e1s relevantes en la alta gerencia anunciados por Mineros.<\/em><\/p>\n\n\n\n<figure class=\"wp-block-image aligncenter size-full is-resized\"><img fetchpriority=\"high\" decoding=\"async\" width=\"1024\" height=\"597\" src=\"https:\/\/sunvalleyinv.com\/wp-content\/uploads\/Presidente-Mineros-1024x597-1.webp\" alt=\"\" class=\"wp-image-1895\" style=\"width:667px;height:auto\" srcset=\"https:\/\/sunvalleyinv.com\/wp-content\/uploads\/Presidente-Mineros-1024x597-1.webp 1024w, https:\/\/sunvalleyinv.com\/wp-content\/uploads\/Presidente-Mineros-1024x597-1-300x175.webp 300w, https:\/\/sunvalleyinv.com\/wp-content\/uploads\/Presidente-Mineros-1024x597-1-150x87.webp 150w, https:\/\/sunvalleyinv.com\/wp-content\/uploads\/Presidente-Mineros-1024x597-1-768x448.webp 768w, https:\/\/sunvalleyinv.com\/wp-content\/uploads\/Presidente-Mineros-1024x597-1-18x10.webp 18w\" sizes=\"(max-width: 1024px) 100vw, 1024px\" \/><\/figure>\n\n\n\n<p>Mineros S.A. anunci\u00f3 cambios en la alta direcci\u00f3n y en la Junta Directiva de la compa\u00f1\u00eda. Los ajustes, que incluyen cambios en la presidencia, vicepresidencias estrat\u00e9gicas y miembros de Junta, responden a un proceso de revisi\u00f3n interna derivado de la evoluci\u00f3n accionaria y de las prioridades corporativas para los pr\u00f3ximos a\u00f1os.<\/p>\n\n\n\n<h2 class=\"wp-block-heading\"><strong>Daniel Henao asume la presidencia de Mineros<\/strong><\/h2>\n\n\n\n<p>El cambio m\u00e1s relevante anunciado por la compa\u00f1\u00eda es la designaci\u00f3n de Daniel Henao como nuevo presidente de Mineros, en sustituci\u00f3n de David Londo\u00f1o, quien present\u00f3 su renuncia.<\/p>\n\n\n\n<p>Henao, quien hasta ahora hac\u00eda parte de la Junta Directiva, llega con amplia experiencia en exploraci\u00f3n, evaluaci\u00f3n de proyectos, adquisiciones, desarrollo, operaciones y refinaci\u00f3n de metales preciosos.<\/p>\n\n\n\n<p>El nuevo presidente destac\u00f3 que el objetivo inmediato ser\u00e1 \u201cmantener la estabilidad y avanzar en la misi\u00f3n principal de Mineros durante este periodo de evoluci\u00f3n\u201d, y afirm\u00f3 que su enfoque se centrar\u00e1 en generar valor para los grupos de inter\u00e9s y consolidar una visi\u00f3n de crecimiento sostenible para el largo plazo.<\/p>\n\n\n\n<p>La compa\u00f1\u00eda inform\u00f3 que los l\u00edderes salientes acompa\u00f1ar\u00e1n un proceso de transici\u00f3n estructurada durante las pr\u00f3ximas semanas para asegurar continuidad en todas las operaciones y relaciones estrat\u00e9gicas.<\/p>\n\n\n\n<figure class=\"wp-block-image aligncenter size-large is-resized\"><img decoding=\"async\" width=\"1024\" height=\"563\" src=\"https:\/\/sunvalleyinv.com\/wp-content\/uploads\/Portadas-de-blog-website2342-1536x844-1-1024x563.webp\" alt=\"\" class=\"wp-image-1472\" style=\"width:636px;height:auto\" srcset=\"https:\/\/sunvalleyinv.com\/wp-content\/uploads\/Portadas-de-blog-website2342-1536x844-1-1024x563.webp 1024w, https:\/\/sunvalleyinv.com\/wp-content\/uploads\/Portadas-de-blog-website2342-1536x844-1-300x165.webp 300w, https:\/\/sunvalleyinv.com\/wp-content\/uploads\/Portadas-de-blog-website2342-1536x844-1-150x82.webp 150w, https:\/\/sunvalleyinv.com\/wp-content\/uploads\/Portadas-de-blog-website2342-1536x844-1-768x422.webp 768w, https:\/\/sunvalleyinv.com\/wp-content\/uploads\/Portadas-de-blog-website2342-1536x844-1-18x10.webp 18w, https:\/\/sunvalleyinv.com\/wp-content\/uploads\/Portadas-de-blog-website2342-1536x844-1.webp 1536w\" sizes=\"(max-width: 1024px) 100vw, 1024px\" \/><\/figure>\n\n\n\n<h2 class=\"wp-block-heading\"><strong>Movimientos clave en el equipo financiero<\/strong><\/h2>\n\n\n\n<p>Mineros tambi\u00e9n anunci\u00f3 que David Splett dejar\u00e1 la vicepresidencia financiera el pr\u00f3ximo 2 de enero de 2026.<\/p>\n\n\n\n<p>En su lugar, Sergio Chavarr\u00eda, actual gerente Financiero de la empresa, asumir\u00e1 el rol de vicepresidente financiero interino.<\/p>\n\n\n\n<p>Chavarr\u00eda, economista de la Universidad Nacional, MBA de EAFIT y con experiencia previa en Deloitte, ha ocupado cargos de alta responsabilidad en la empresa desde 2018, lo que representa una apuesta interna para garantizar estabilidad en la gesti\u00f3n financiera durante el proceso de transici\u00f3n.<\/p>\n\n\n\n<h2 class=\"wp-block-heading\"><strong>Nuevos vicepresidentes<\/strong><\/h2>\n\n\n\n<p>En l\u00ednea con su estrategia de crecimiento, Mineros incorpor\u00f3 tres nuevos vicepresidentes que reportar\u00e1n directamente al presidente:<\/p>\n\n\n\n<h3 class=\"wp-block-heading\">&#8211; <strong>Mar\u00eda Vallejo Garc\u00eda \u2013 vicepresidenta de crecimiento y desarrollo de negocios<\/strong><\/h3>\n\n\n\n<p>Ingeniera de minas con experiencia en econom\u00eda de minerales, estimaci\u00f3n de recursos, planificaci\u00f3n minera y tecnolog\u00edas de optimizaci\u00f3n. Ha trabajado en compa\u00f1\u00edas como Barrick Gold, AngloGold Ashanti, Waterton Global y Vista Gold. Su trayectoria incluye la evaluaci\u00f3n de m\u00e1s de 100 activos mineros.<\/p>\n\n\n\n<h3 class=\"wp-block-heading\">&#8211; <strong>Carlos David R\u00edos Restrepo \u2013 vicepresidente de exploraci\u00f3n (desde el 1 de diciembre)<\/strong><\/h3>\n\n\n\n<p>Ingeniero ge\u00f3logo con amplio recorrido en expansi\u00f3n de recursos, exploraci\u00f3n y an\u00e1lisis t\u00e9cnico. Miembro de la SEG y del Instituto Australiano de Miner\u00eda y Metalurgia, ha participado en descubrimientos significativos en proyectos internacionales.<\/p>\n\n\n\n<h3 class=\"wp-block-heading\">&#8211; <strong>Marcela Castillo \u2013 vicepresidenta de sostenibilidad<\/strong><\/h3>\n\n\n\n<p>Hasta ahora gerente de sostenibilidad en Hemco (Mineros Nicaragua), es reconocida por su liderazgo estrat\u00e9gico en sostenibilidad y fue incluida en la lista mundial de las \u201c100 Mujeres Inspiradoras en la Miner\u00eda 2022\u201d.<\/p>\n\n\n\n<h2 class=\"wp-block-heading\"><strong>Renuncias en la Junta Directiva<\/strong><\/h2>\n\n\n\n<p>La compa\u00f1\u00eda tambi\u00e9n inform\u00f3 que Andr\u00e9s Restrepo y Marco Izquierdo Llanos renunciaron a sus cargos en la Junta Directiva a partir del 18 de noviembre de 2025.<\/p>\n\n\n\n<p>\u201cEstos nombramientos fortalecen las capacidades de liderazgo de Mineros a medida que ejecutamos nuestra estrategia de crecimiento. Agradecemos profundamente el servicio y la dedicaci\u00f3n de quienes hoy se despiden de la organizaci\u00f3n\u201d, se\u00f1al\u00f3 Augusto L\u00f3pez, presidente de la Junta Directiva.<\/p>\n\n\n\n<p>Lee el art\u00edculo original en<strong>\u00a0Valora Analitik <\/strong>publicado el<strong> nov 18, 2025:<\/strong>\u00a0<a href=\"https:\/\/www.valoraanalitik.com\/mineros-anuncia-a-daniel-henao-como-nuevo-presidente-y-otros-cambios-importantes-en-la-junta-directiva\/\" target=\"_blank\" rel=\"noreferrer noopener\">Click aqu\u00ed<\/a>.<\/p>","protected":false},"excerpt":{"rendered":"<p>Mineros S.A. anuncia a Daniel Henao como nuevo Presidente y cambios clave en su Junta Directiva. Una reorganizaci\u00f3n estrat\u00e9gica de liderazgo.<\/p>","protected":false},"author":1,"featured_media":1230,"comment_status":"closed","ping_status":"closed","sticky":false,"template":"","format":"standard","meta":{"footnotes":""},"categories":[21],"tags":[],"class_list":["post-1893","post","type-post","status-publish","format-standard","has-post-thumbnail","hentry","category-mineros-s-a"],"_links":{"self":[{"href":"https:\/\/sunvalleyinv.com\/es\/wp-json\/wp\/v2\/posts\/1893","targetHints":{"allow":["GET"]}}],"collection":[{"href":"https:\/\/sunvalleyinv.com\/es\/wp-json\/wp\/v2\/posts"}],"about":[{"href":"https:\/\/sunvalleyinv.com\/es\/wp-json\/wp\/v2\/types\/post"}],"author":[{"embeddable":true,"href":"https:\/\/sunvalleyinv.com\/es\/wp-json\/wp\/v2\/users\/1"}],"replies":[{"embeddable":true,"href":"https:\/\/sunvalleyinv.com\/es\/wp-json\/wp\/v2\/comments?post=1893"}],"version-history":[{"count":5,"href":"https:\/\/sunvalleyinv.com\/es\/wp-json\/wp\/v2\/posts\/1893\/revisions"}],"predecessor-version":[{"id":2471,"href":"https:\/\/sunvalleyinv.com\/es\/wp-json\/wp\/v2\/posts\/1893\/revisions\/2471"}],"wp:featuredmedia":[{"embeddable":true,"href":"https:\/\/sunvalleyinv.com\/es\/wp-json\/wp\/v2\/media\/1230"}],"wp:attachment":[{"href":"https:\/\/sunvalleyinv.com\/es\/wp-json\/wp\/v2\/media?parent=1893"}],"wp:term":[{"taxonomy":"category","embeddable":true,"href":"https:\/\/sunvalleyinv.com\/es\/wp-json\/wp\/v2\/categories?post=1893"},{"taxonomy":"post_tag","embeddable":true,"href":"https:\/\/sunvalleyinv.com\/es\/wp-json\/wp\/v2\/tags?post=1893"}],"curies":[{"name":"wp","href":"https:\/\/api.w.org\/{rel}","templated":true}]}}